{"id":1608,"date":"2026-09-01T09:03:54","date_gmt":"2026-09-01T07:03:54","guid":{"rendered":"https:\/\/vins-pour-tous.com\/blog\/carnet-viticole-septembre-2026\/"},"modified":"2026-09-01T09:03:54","modified_gmt":"2026-09-01T07:03:54","slug":"carnet-viticole-septembre-2026","status":"publish","type":"post","link":"https:\/\/vins-pour-tous.com\/blog\/carnet-viticole-septembre-2026\/","title":{"rendered":"Le carnet viticole : rendez-vous incontournables de septembre 2026"},"content":{"rendered":"<p class=\"wp-block-paragraph\"><strong>En bref :<\/strong><\/p>\n\n<ul class=\"wp-block-list\"><li><strong>7 septembre<\/strong> \u2014 Acad\u00e9mie des vignerons du Sud-Ouest \u00e0 Paris : d\u00e9gustations et buffet (10\u20ac\/personne).<\/li><li><strong>10\u201329 septembre<\/strong> \u2014 Cuv\u00e9e solidaire des C\u00f4tes de Bourg : merlot dominant, prix affich\u00e9 <strong>4,90 \u20ac<\/strong>, commercialis\u00e9e chez Intermarch\u00e9.<\/li><li><strong>18\u201320 septembre<\/strong> \u2014 Les Relais du Go\u00fbt \u00e0 Reims : quarantaine de maisons de Champagne, grandes tabl\u00e9es et exp\u00e9riences gastronomiques.<\/li><li>Conseils pratiques pour profiter des foires, vendanges et d\u00e9gustations au c\u0153ur du <strong>vignoble<\/strong>.<\/li><li>Liens utiles pour compl\u00e9ter ton exploration \u0153nologique et pr\u00e9parer tes sorties.<\/li><\/ul>\n\n<p class=\"wp-block-paragraph\">Septembre est le mois o\u00f9 le <strong>vignoble<\/strong> respire fort : entre les premi\u00e8res <strong>vendanges<\/strong>, les foires et les rencontres techniques, c\u2019est une fen\u00eatre id\u00e9ale pour renouer avec la terre et le verre. Ce carnet viticole rassemble les <strong>rendez-vous<\/strong> incontournables de <strong>septembre 2026<\/strong>, avec des d\u00e9tails pratiques, des conseils pour optimiser chaque <strong>d\u00e9gustation<\/strong> et des pistes pour comprendre les enjeux actuels de la <strong>viticulture<\/strong> et de l\u2019<strong>\u0153nologie<\/strong>. Un fil conducteur suit Clara, caviste itin\u00e9rante fictive, qui organise son agenda pour valoriser des petites cuv\u00e9es, rencontrer des vignerons et rep\u00e9rer des p\u00e9pites pour sa client\u00e8le. \u00c0 travers ce parcours, les informations cl\u00e9s \u2014 lieux, horaires, tarifs, sp\u00e9cificit\u00e9s des cuv\u00e9es \u2014 sont pr\u00e9sent\u00e9es de fa\u00e7on accessible et concr\u00e8te, pour que chaque sortie devienne un moment partag\u00e9 et instructif.<\/p>\n\n<div id=\"ez-toc-container\" class=\"ez-toc-v2_0_85 counter-hierarchy ez-toc-counter ez-toc-black ez-toc-container-direction\">\n<div class=\"ez-toc-title-container\">\n<p class=\"ez-toc-title\" style=\"cursor:inherit\">Sommaire<\/p>\n<span class=\"ez-toc-title-toggle\"><a href=\"#\" class=\"ez-toc-pull-right ez-toc-btn ez-toc-btn-xs ez-toc-btn-default ez-toc-toggle\" aria-label=\"Toggle Table of Content\"><span class=\"ez-toc-js-icon-con\"><span class=\"\"><span class=\"eztoc-hide\" style=\"display:none;\">Toggle<\/span><span class=\"ez-toc-icon-toggle-span\"><svg style=\"fill: #999;color:#999\" xmlns=\"http:\/\/www.w3.org\/2000\/svg\" class=\"list-377408\" width=\"20px\" height=\"20px\" viewBox=\"0 0 24 24\" fill=\"none\"><path d=\"M6 6H4v2h2V6zm14 0H8v2h12V6zM4 11h2v2H4v-2zm16 0H8v2h12v-2zM4 16h2v2H4v-2zm16 0H8v2h12v-2z\" fill=\"currentColor\"><\/path><\/svg><svg style=\"fill: #999;color:#999\" class=\"arrow-unsorted-368013\" xmlns=\"http:\/\/www.w3.org\/2000\/svg\" width=\"10px\" height=\"10px\" viewBox=\"0 0 24 24\" version=\"1.2\" baseProfile=\"tiny\"><path d=\"M18.2 9.3l-6.2-6.3-6.2 6.3c-.2.2-.3.4-.3.7s.1.5.3.7c.2.2.4.3.7.3h11c.3 0 .5-.1.7-.3.2-.2.3-.5.3-.7s-.1-.5-.3-.7zM5.8 14.7l6.2 6.3 6.2-6.3c.2-.2.3-.5.3-.7s-.1-.5-.3-.7c-.2-.2-.4-.3-.7-.3h-11c-.3 0-.5.1-.7.3-.2.2-.3.5-.3.7s.1.5.3.7z\"\/><\/svg><\/span><\/span><\/span><\/a><\/span><\/div>\n<nav><ul class='ez-toc-list ez-toc-list-level-1 ' ><li class='ez-toc-page-1 ez-toc-heading-level-2'><a class=\"ez-toc-link ez-toc-heading-1\" href=\"https:\/\/vins-pour-tous.com\/blog\/carnet-viticole-septembre-2026\/#Agenda_des_evenements_viticoles_en_septembre_2026\" >Agenda des \u00e9v\u00e9nements viticoles en septembre 2026<\/a><\/li><li class='ez-toc-page-1 ez-toc-heading-level-2'><a class=\"ez-toc-link ez-toc-heading-2\" href=\"https:\/\/vins-pour-tous.com\/blog\/carnet-viticole-septembre-2026\/#Conseils_pratiques_pour_profiter_des_foires_et_degustations\" >Conseils pratiques pour profiter des foires et d\u00e9gustations<\/a><\/li><li class='ez-toc-page-1 ez-toc-heading-level-2'><a class=\"ez-toc-link ez-toc-heading-3\" href=\"https:\/\/vins-pour-tous.com\/blog\/carnet-viticole-septembre-2026\/#Zoom_sur_les_themes_cles_vendanges_solidarite_et_innovations_viticoles\" >Zoom sur les th\u00e8mes cl\u00e9s : vendanges, solidarit\u00e9 et innovations viticoles<\/a><\/li><li class='ez-toc-page-1 ez-toc-heading-level-2'><a class=\"ez-toc-link ez-toc-heading-4\" href=\"https:\/\/vins-pour-tous.com\/blog\/carnet-viticole-septembre-2026\/#Ressources_balises_pratiques_et_suggestions_de_sorties\" >Ressources, balises pratiques et suggestions de sorties<\/a><\/li><\/ul><\/nav><\/div>\n<h2 class=\"wp-block-heading\"><span class=\"ez-toc-section\" id=\"Agenda_des_evenements_viticoles_en_septembre_2026\"><\/span>Agenda des \u00e9v\u00e9nements viticoles en septembre 2026<span class=\"ez-toc-section-end\"><\/span><\/h2>\n\n<p class=\"wp-block-paragraph\">Voici le calendrier pratique des \u00e9v\u00e9nements qui vont rythmer le mois. Chaque rendez-vous est d\u00e9crit avec les informations essentielles pour s\u2019organiser : lieu, dates, tarif et points forts \u00e0 retenir pour la d\u00e9gustation ou la visite.<\/p>\n\n<h3 class=\"wp-block-heading\">7 septembre \u2014 Acad\u00e9mie des vignerons du Sud-Ouest \u00e0 Paris<\/h3>\n\n<p class=\"wp-block-paragraph\">Un collectif de vignerons, cidriers et bouilleurs de crus du Sud-Ouest investit la cave Boulom, 181 rue Ordener, dans le 18\u00e8me arrondissement. La manifestation se d\u00e9roule de 10h \u00e0 18h et mobilise une vingtaine de membres.<\/p>\n\n<p class=\"wp-block-paragraph\">Pour 10\u20ac par personne, l&rsquo;entr\u00e9e inclut <strong>une d\u00e9gustation<\/strong> accompagn\u00e9e d\u2019un <strong>buffet<\/strong>. C\u2019est une occasion rare de go\u00fbter des vins peu export\u00e9s, des cidres de terroir et des eaux-de-vie artisanales, tout en \u00e9changeant directement avec les producteurs. Clara y voit l\u2019opportunit\u00e9 d\u2019acheter quelques cuv\u00e9es rares pour sa cave itin\u00e9rante et de cr\u00e9er de futurs accords mets-vins pour ses clients. Voil\u00e0 un rendez-vous \u00e0 noter pour qui aime rencontrer les artisans du vin.<\/p>\n\n<figure class=\"is-provider-youtube is-type-video wp-block-embed wp-block-embed-youtube wp-embed-aspect-16-9 wp-has-aspect-ratio\"><div class=\"wp-block-embed__wrapper\">\n<iframe loading=\"lazy\" title=\"\ud83d\udcda SORTIES LIVRES SEPTEMBRE 2026 : les nouveaut\u00e9s qui me font TROP envie ! \ud83d\ude0d\" width=\"500\" height=\"281\" src=\"https:\/\/www.youtube.com\/embed\/MBD6cqJ4R64?feature=oembed\" frameborder=\"0\" allow=\"accelerometer; autoplay; clipboard-write; encrypted-media; gyroscope; picture-in-picture; web-share\" referrerpolicy=\"strict-origin-when-cross-origin\" allowfullscreen><\/iframe>\n<\/div><\/figure>\n\n<h3 class=\"wp-block-heading\">10\u201329 septembre \u2014 Cuv\u00e9e solidaire C\u00f4tes de Bourg<\/h3>\n\n<p class=\"wp-block-paragraph\">Les 160 vignerons des <strong>C\u00f4tes de Bourg<\/strong> se rassemblent autour d\u2019une initiative collective : une <strong>cuv\u00e9e solidaire<\/strong> mise en vente dans 1 800 points de vente. Objectif d\u00e9clar\u00e9 : r\u00e9mun\u00e9rer les vignerons \u00e0 <strong>40% au-dessus<\/strong> du cours actuel du vrac.<\/p>\n\n<p class=\"wp-block-paragraph\">La bouteille, non mill\u00e9sim\u00e9e, est un assemblage domin\u00e9 par le <strong>merlot<\/strong> sur sols argilo-calcaires et argilo-graveleux. Le prix affich\u00e9 en contre-\u00e9tiquette est <strong>4,90 \u20ac<\/strong>, avec une transparence sur la r\u00e9partition entre taxes, co\u00fbts et r\u00e9mun\u00e9ration. Distribution principale : Intermarch\u00e9. C\u2019est un bel exemple d\u2019initiative collective qui lie <strong>viticulture<\/strong>, solidarit\u00e9 et information claire pour le consommateur.<\/p>\n\n<h3 class=\"wp-block-heading\">18\u201320 septembre \u2014 Les Relais du Go\u00fbt \u00e0 Reims<\/h3>\n\n<p class=\"wp-block-paragraph\">Pour sa troisi\u00e8me \u00e9dition, l\u2019\u00e9v\u00e9nement installe une quarantaine de vignerons champenois sur l\u2019esplanade de la Porte de Mars. Conf\u00e9rences, grandes tabl\u00e9es et d\u00e9monstrations culinaires ponctuent ces trois jours.<\/p>\n\n<p class=\"wp-block-paragraph\">Parmi les moments forts : un Banquet du Carmel proposant un repas en quatre variations, des pr\u00e9sentations de maisons reconnues comme <strong>Krug<\/strong>, <strong>Abel\u00e9 1757<\/strong> et <strong>Thi\u00e9not<\/strong> (avec cocktails au piment en vedette). Clara pr\u00e9voit une halte pour \u00e9couter une conf\u00e9rence sur l&rsquo;impact du climat sur le rendement et go\u00fbter des cuv\u00e9es de diff\u00e9rents terroirs champenois. Ce rendez-vous place la Champagne au c\u0153ur des d\u00e9bats et du partage.<\/p>\n\n<figure class=\"is-provider-youtube is-type-video wp-block-embed wp-block-embed-youtube wp-embed-aspect-16-9 wp-has-aspect-ratio\"><div class=\"wp-block-embed__wrapper\">\n<iframe loading=\"lazy\" title=\"SORTIES LIVRESQUES SEPTEMBRE 2026\" width=\"500\" height=\"281\" src=\"https:\/\/www.youtube.com\/embed\/5fpGUfCXjrA?feature=oembed\" frameborder=\"0\" allow=\"accelerometer; autoplay; clipboard-write; encrypted-media; gyroscope; picture-in-picture; web-share\" referrerpolicy=\"strict-origin-when-cross-origin\" allowfullscreen><\/iframe>\n<\/div><\/figure>\n\n<h2 class=\"wp-block-heading\"><span class=\"ez-toc-section\" id=\"Conseils_pratiques_pour_profiter_des_foires_et_degustations\"><\/span>Conseils pratiques pour profiter des foires et d\u00e9gustations<span class=\"ez-toc-section-end\"><\/span><\/h2>\n\n<p class=\"wp-block-paragraph\">Assister \u00e0 une foire ou \u00e0 une d\u00e9gustation demande un peu d\u2019organisation pour tirer le meilleur parti des rencontres et des flacons. Voici des conseils concrets, test\u00e9s sur le terrain, pour optimiser chaque sortie.<\/p>\n\n<h3 class=\"wp-block-heading\">Avant l&rsquo;\u00e9v\u00e9nement : pr\u00e9paration et s\u00e9lection<\/h3>\n\n<p class=\"wp-block-paragraph\">Rep\u00e8re les stands ou les producteurs qui t\u2019int\u00e9ressent \u00e0 l\u2019avance. Privil\u00e9gie les producteurs peu connus pour d\u00e9couvrir des p\u00e9pites. Pr\u00e9vois un carnet et un stylo pour noter impressions et accords, ou utilise une appli d\u00e9di\u00e9e.<\/p>\n\n<p class=\"wp-block-paragraph\">Pour les foires de la grande distribution comme celles d\u2019automne, il peut \u00eatre utile de consulter des guides ou des s\u00e9lections avant de se d\u00e9placer. Par exemple, pour approfondir la d\u00e9couverte des vins remarquables, ce guide propose une bonne base : <a href=\"https:\/\/vins-pour-tous.com\/blog\/guide-vins-exception-2027\/\">guide des vins d&rsquo;exception<\/a>. Voil\u00e0, tu sais tout maintenant !<\/p>\n\n<h3 class=\"wp-block-heading\">Pendant la d\u00e9gustation : techniques simples<\/h3>\n\n<p class=\"wp-block-paragraph\">Go\u00fbte les vins dans l\u2019ordre de l\u00e9g\u00e8ret\u00e9 \u00e0 puissance. Respire, observe la robe, humer avant de go\u00fbter. Entre deux \u00e9chantillons, rince le verre ou prends une gorg\u00e9e d&rsquo;eau et croque un morceau de pain pour neutraliser le palais.<\/p>\n\n<p class=\"wp-block-paragraph\">Si tu es sur place pour du commerce ou de la distribution, pense \u00e0 poser des questions sur les volumes disponibles, les pratiques culturales et la capacit\u00e9 d\u2019exp\u00e9dition. Ces informations seront utiles pour la suite, notamment si l\u2019objectif est d\u2019approvisionner une cave ou une boutique itin\u00e9rante.<\/p>\n\n<h3 class=\"wp-block-heading\">Apr\u00e8s la foire : s\u00e9lection et suivi<\/h3>\n\n<p class=\"wp-block-paragraph\">Classe les bouteilles test\u00e9es en \u201c\u00e0 acheter\u201d, \u201c\u00e0 retester\u201d et \u201c\u00e0 suivre\u201d. Pour une exploration plus large des r\u00e9gions, le tour des vignobles peut aider : <a href=\"https:\/\/vins-pour-tous.com\/blog\/tour-france-vignobles\/\">itin\u00e9raires pour visiter les vignobles<\/a> propose des id\u00e9es.<\/p>\n\n<p class=\"wp-block-paragraph\">Clara utilise ce tri pour planifier des commandes et organiser une soir\u00e9e de pr\u00e9sentation pour ses clients. C\u2019est une d\u00e9marche qui transforme une visite en action commerciale et en partage de connaissances. Fais-moi confiance, \u00e7a marche.<\/p>\n\n<h2 class=\"wp-block-heading\"><span class=\"ez-toc-section\" id=\"Zoom_sur_les_themes_cles_vendanges_solidarite_et_innovations_viticoles\"><\/span>Zoom sur les th\u00e8mes cl\u00e9s : vendanges, solidarit\u00e9 et innovations viticoles<span class=\"ez-toc-section-end\"><\/span><\/h2>\n\n<p class=\"wp-block-paragraph\">Septembre n\u2019est pas seulement synonyme de d\u00e9gustations. C\u2019est le mois des <strong>vendanges<\/strong>, des d\u00e9cisions techniques et des initiatives collectives qui incarnent l\u2019avenir du monde du <strong>vin<\/strong>.<\/p>\n\n<h3 class=\"wp-block-heading\">Vendanges : ce qu\u2019il faut surveiller en 2026<\/h3>\n\n<p class=\"wp-block-paragraph\">En 2026, la fen\u00eatre de r\u00e9colte varie selon le c\u00e9page et la r\u00e9gion. Les d\u00e9cisions de vendange sont de plus en plus pr\u00e9cises, li\u00e9es \u00e0 la maturit\u00e9 ph\u00e9nolique et \u00e0 la qualit\u00e9 sanitaire. Les techniques de tri m\u00e9caniques et manuels coexistent dans les petits comme les grands domaines.<\/p>\n\n<p class=\"wp-block-paragraph\">Clara raconte souvent l\u2019anecdote d\u2019un jeune vigneron du M\u00e2connais qui a commenc\u00e9 \u00e0 vendanger la nuit pour pr\u00e9server les ar\u00f4mes fragiles du chardonnay. Cela illustre bien l\u2019ing\u00e9niosit\u00e9 locale et l\u2019attention port\u00e9e au terroir. Insight final : la vendange est un moment d\u00e9cisif o\u00f9 la technique rencontre l\u2019intuition.<\/p>\n\n<h3 class=\"wp-block-heading\">Initiatives solidaires : cas des C\u00f4tes de Bourg<\/h3>\n\n<p class=\"wp-block-paragraph\">La cuv\u00e9e solidaire des <strong>C\u00f4tes de Bourg<\/strong> est un cas d&rsquo;\u00e9cole : 160 vignerons s\u2019unissent pour garantir une r\u00e9mun\u00e9ration sup\u00e9rieure et une transparence sur le prix. La d\u00e9marche permet au consommateur de comprendre la composition du prix pay\u00e9.<\/p>\n\n<p class=\"wp-block-paragraph\">Pour les amateurs et les professionnels, c\u2019est une invitation \u00e0 soutenir des mod\u00e8les plus \u00e9quitables. Le prix public de 4,90 \u20ac avec d\u00e9tail des marges est un geste p\u00e9dagogique qui force le respect. C\u2019est \u00e7a la beaut\u00e9 du vin.<\/p>\n\n<h3 class=\"wp-block-heading\">Technologies et viticulture durable<\/h3>\n\n<p class=\"wp-block-paragraph\">Les innovations de 2026 portent sur l\u2019agronomie de pr\u00e9cision, la r\u00e9duction des intrants et l\u2019adaptation aux variations climatiques. Capteurs, imagerie drone et suivis parcellaire aident \u00e0 des d\u00e9cisions plus fines sur l\u2019irrigation et la conduite de la vigne.<\/p>\n\n<p class=\"wp-block-paragraph\">Exemple concret : un domaine bordelais a r\u00e9duit ses traitements en ciblant les parcelles les plus sensibles, am\u00e9liorant la qualit\u00e9 globale des raisins. Cela montre que transition et qualit\u00e9 peuvent aller de pair. Insight final : investir dans la pr\u00e9cision, c\u2019est prot\u00e9ger le go\u00fbt et l\u2019avenir.<\/p>\n\n<h2 class=\"wp-block-heading\"><span class=\"ez-toc-section\" id=\"Ressources_balises_pratiques_et_suggestions_de_sorties\"><\/span>Ressources, balises pratiques et suggestions de sorties<span class=\"ez-toc-section-end\"><\/span><\/h2>\n\n<p class=\"wp-block-paragraph\">Pour prolonger l&rsquo;exploration, quelques ressources et id\u00e9es pour organiser des sorties, avec des r\u00e9f\u00e9rences pratiques et des lectures recommand\u00e9es.<\/p>\n\n<h3 class=\"wp-block-heading\">Liens et guides recommand\u00e9s<\/h3>\n\n<p class=\"wp-block-paragraph\">Pour approfondir des th\u00e8mes sp\u00e9cifiques, plusieurs articles-passerelles sont utiles : la d\u00e9couverte de c\u00e9pages locaux, la biodiversit\u00e9 dans les vignes ou encore des parcours d\u2019\u0153notourisme. Pour en savoir plus sur la biodiversit\u00e9 en Bourgogne, consulte cet article : <a href=\"https:\/\/vins-pour-tous.com\/blog\/coccinelles-bourgogne-vignes\/\">coccinelles et biodiversit\u00e9 en Bourgogne<\/a>.<\/p>\n\n<p class=\"wp-block-paragraph\">Autre piste : pour comprendre des styles de vins pr\u00e9cis comme la Savenni\u00e8res, ce dossier est bien foutu : <a href=\"https:\/\/vins-pour-tous.com\/blog\/secrets-saveniere-loire\/\">secrets de Savenni\u00e8res<\/a>. Ces lectures enrichissent les rencontres sur le terrain et orientent les d\u00e9gustations de fa\u00e7on concr\u00e8te. Voil\u00e0, tu sais tout maintenant !<\/p>\n\n<h3 class=\"wp-block-heading\">Id\u00e9es d&rsquo;itin\u00e9raires et randos \u0153nologiques<\/h3>\n\n<p class=\"wp-block-paragraph\">Pour joindre l\u2019utile \u00e0 l\u2019agr\u00e9able, combine randonn\u00e9e et d\u00e9gustation. Les parcours lig\u00e9riens sont parfaits pour cela, avec des haltes d\u00e9gustation et des vues sur les coteaux. Pour des id\u00e9es de balades, cette ressource propose des itin\u00e9raires adapt\u00e9s : <a href=\"https:\/\/vins-pour-tous.com\/blog\/vignes-vins-randos-ligeriens\/\">vignes et randos lig\u00e9riens<\/a>.<\/p>\n\n<p class=\"wp-block-paragraph\">Clara planifie souvent des week-ends m\u00ealant visite de chai, repas \u00e0 la ferme et balades au lever du soleil. Cette alternance nature\/d\u00e9gustation resserre le lien entre terroir et produit. Phrase-cl\u00e9 : une balade bien pens\u00e9e transforme une d\u00e9gustation en souvenir durable.<\/p>\n\n<figure class=\"wp-block-table\"><table>\n<thead>\n<tr>\n<th>Date<\/th>\n<th>\u00c9v\u00e9nement<\/th>\n<th>Lieu<\/th>\n<th>Points forts<\/th>\n<\/tr>\n<\/thead>\n<tbody>\n<tr>\n<td>7 septembre<\/td>\n<td><strong>Acad\u00e9mie des vignerons du Sud-Ouest<\/strong><\/td>\n<td>Paris (Boulom, 181 rue Ordener)<\/td>\n<td>D\u00e9gustations, buffet, 10\u20ac\/personne<\/td>\n<\/tr>\n<tr>\n<td>10\u201329 septembre<\/td>\n<td><strong>Cuv\u00e9e solidaire des C\u00f4tes de Bourg<\/strong><\/td>\n<td>Distribution nationale (Intermarch\u00e9)<\/td>\n<td>160 vignerons, prix affich\u00e9 4,90\u20ac, merlot dominant<\/td>\n<\/tr>\n<tr>\n<td>18\u201320 septembre<\/td>\n<td><strong>Les Relais du Go\u00fbt<\/strong><\/td>\n<td>Reims (Porte de Mars)<\/td>\n<td>40 vignerons champenois, Banquet du Carmel, maisons prestigieuses<\/td>\n<\/tr>\n<\/tbody>\n<\/table><\/figure>\n\n<ul class=\"wp-block-list\"><li><strong>Trois conseils rapides :<\/strong> arrive t\u00f4t, note imm\u00e9diatement, parle aux vignerons.<\/li><li><strong>Trois erreurs \u00e0 \u00e9viter :<\/strong> sauter les petits stands, acheter sur un coup de coeur sans information logistique, n\u00e9gliger le prix de revient r\u00e9el.<\/li><\/ul>\n\n<script type=\"application\/ld+json\">\n{\"@context\":\"https:\/\/schema.org\",\"@type\":\"FAQPage\",\"mainEntity\":[{\"@type\":\"Question\",\"name\":\"Comment choisir les u00e9vu00e9nements u00e0 visiter parmi tous les rendez-vous de septembreu00a02026u00a0?\",\"acceptedAnswer\":{\"@type\":\"Answer\",\"text\":\"Priorise selon tes objectifsu00a0: du00e9couverte, achats pour une cave, rencontres pro. Consulte les programmes en ligne et cible les producteurs peu repru00e9sentu00e9s en grande distribution pour des trouvailles.\"}},{\"@type\":\"Question\",\"name\":\"Quelles pru00e9cautions pour participer aux vendanges en tant que visiteuru00a0?\",\"acceptedAnswer\":{\"@type\":\"Answer\",\"text\":\"Renseigne-toi aupru00e8s du domaine, respecte les consignes de su00e9curitu00e9, porte des chaussures fermu00e9es et pru00e9vois des vu00eatements adaptu00e9s. Demande si une assurance ou un encadrement est fourni.\"}},{\"@type\":\"Question\",\"name\":\"La cuvu00e9e solidaire des Cu00f4tes de Bourg est-elle une bonne affaire pour le consommateuru00a0?\",\"acceptedAnswer\":{\"@type\":\"Answer\",\"text\":\"Oui, si lu2019on cherche un vin simple, engagu00e9 et transparent. Le prix affichu00e9 de 4,90u00a0u20ac indique une volontu00e9 de montrer la ru00e9partition des cou00fbts et la meilleure ru00e9munu00e9ration des vignerons.\"}},{\"@type\":\"Question\",\"name\":\"Comment garder une trace des du00e9gustations pour ne pas se perdre entre les flaconsu00a0?\",\"acceptedAnswer\":{\"@type\":\"Answer\",\"text\":\"Utilise un carnet de du00e9gustation ou une application, note robe, nez, bouche, accord possible et impression gu00e9nu00e9rale. Classe ensuite selon prioritu00e9 d'achat.\"}},{\"@type\":\"Question\",\"name\":\"Ou00f9 trouver des ressources pour approfondir lu2019u0153nologie apru00e8s ces u00e9vu00e9nementsu00a0?\",\"acceptedAnswer\":{\"@type\":\"Answer\",\"text\":\"Les guides spu00e9cialisu00e9s et les articles thu00e9matiques sur les vignobles et terroirs aident u00e0 aller plus loin. Parcours les liens mentionnu00e9s plus haut pour des dossiers sur ru00e9gions et pratiques viticoles.\"}}]}\n<\/script>\n<h3>Comment choisir les \u00e9v\u00e9nements \u00e0 visiter parmi tous les rendez-vous de septembre\u00a02026\u00a0?<\/h3>\n<p>Priorise selon tes objectifs\u00a0: d\u00e9couverte, achats pour une cave, rencontres pro. Consulte les programmes en ligne et cible les producteurs peu repr\u00e9sent\u00e9s en grande distribution pour des trouvailles.<\/p>\n<h3>Quelles pr\u00e9cautions pour participer aux vendanges en tant que visiteur\u00a0?<\/h3>\n<p>Renseigne-toi aupr\u00e8s du domaine, respecte les consignes de s\u00e9curit\u00e9, porte des chaussures ferm\u00e9es et pr\u00e9vois des v\u00eatements adapt\u00e9s. Demande si une assurance ou un encadrement est fourni.<\/p>\n<h3>La cuv\u00e9e solidaire des C\u00f4tes de Bourg est-elle une bonne affaire pour le consommateur\u00a0?<\/h3>\n<p>Oui, si l\u2019on cherche un vin simple, engag\u00e9 et transparent. Le prix affich\u00e9 de 4,90\u00a0\u20ac indique une volont\u00e9 de montrer la r\u00e9partition des co\u00fbts et la meilleure r\u00e9mun\u00e9ration des vignerons.<\/p>\n<h3>Comment garder une trace des d\u00e9gustations pour ne pas se perdre entre les flacons\u00a0?<\/h3>\n<p>Utilise un carnet de d\u00e9gustation ou une application, note robe, nez, bouche, accord possible et impression g\u00e9n\u00e9rale. Classe ensuite selon priorit\u00e9 d&rsquo;achat.<\/p>\n<h3>O\u00f9 trouver des ressources pour approfondir l\u2019\u0153nologie apr\u00e8s ces \u00e9v\u00e9nements\u00a0?<\/h3>\n<p>Les guides sp\u00e9cialis\u00e9s et les articles th\u00e9matiques sur les vignobles et terroirs aident \u00e0 aller plus loin. Parcours les liens mentionn\u00e9s plus haut pour des dossiers sur r\u00e9gions et pratiques viticoles.<\/p>\n\n","protected":false},"excerpt":{"rendered":"<p>En bref : Septembre est le mois o\u00f9 le vignoble respire fort : entre les premi\u00e8res vendanges, les foires et les rencontres techniques, c\u2019est une fen\u00eatre id\u00e9ale pour renouer avec la terre et le verre. Ce carnet viticole rassemble les rendez-vous incontournables de septembre 2026, avec des d\u00e9tails pratiques, des conseils pour optimiser chaque d\u00e9gustation [&hellip;]<\/p>\n","protected":false},"author":2,"featured_media":1607,"comment_status":"open","ping_status":"","sticky":false,"template":"","format":"standard","meta":{"footnotes":""},"categories":[9],"tags":[1246,1249,1247,1248,1080],"class_list":["post-1608","post","type-post","status-publish","format-standard","has-post-thumbnail","hentry","category-conseils-guides","tag-carnet-viticole","tag-evenements-viticoles","tag-rendez-vous-viticoles","tag-septembre-2026","tag-vendanges-2026"],"_links":{"self":[{"href":"https:\/\/vins-pour-tous.com\/blog\/wp-json\/wp\/v2\/posts\/1608","targetHints":{"allow":["GET"]}}],"collection":[{"href":"https:\/\/vins-pour-tous.com\/blog\/wp-json\/wp\/v2\/posts"}],"about":[{"href":"https:\/\/vins-pour-tous.com\/blog\/wp-json\/wp\/v2\/types\/post"}],"author":[{"embeddable":true,"href":"https:\/\/vins-pour-tous.com\/blog\/wp-json\/wp\/v2\/users\/2"}],"replies":[{"embeddable":true,"href":"https:\/\/vins-pour-tous.com\/blog\/wp-json\/wp\/v2\/comments?post=1608"}],"version-history":[{"count":0,"href":"https:\/\/vins-pour-tous.com\/blog\/wp-json\/wp\/v2\/posts\/1608\/revisions"}],"wp:featuredmedia":[{"embeddable":true,"href":"https:\/\/vins-pour-tous.com\/blog\/wp-json\/wp\/v2\/media\/1607"}],"wp:attachment":[{"href":"https:\/\/vins-pour-tous.com\/blog\/wp-json\/wp\/v2\/media?parent=1608"}],"wp:term":[{"taxonomy":"category","embeddable":true,"href":"https:\/\/vins-pour-tous.com\/blog\/wp-json\/wp\/v2\/categories?post=1608"},{"taxonomy":"post_tag","embeddable":true,"href":"https:\/\/vins-pour-tous.com\/blog\/wp-json\/wp\/v2\/tags?post=1608"}],"curies":[{"name":"wp","href":"https:\/\/api.w.org\/{rel}","templated":true}]}}