{"id":1582,"date":"2026-08-25T23:16:13","date_gmt":"2026-08-25T21:16:13","guid":{"rendered":"https:\/\/vins-pour-tous.com\/blog\/deutz-meurtet-2019\/"},"modified":"2026-08-25T23:16:13","modified_gmt":"2026-08-25T21:16:13","slug":"deutz-meurtet-2019","status":"publish","type":"post","link":"https:\/\/vins-pour-tous.com\/blog\/deutz-meurtet-2019\/","title":{"rendered":"Deutz Meurtet 2019 : l&rsquo;\u00e9l\u00e9gance champenoise sublim\u00e9e par une alliance marine unique"},"content":{"rendered":"<p class=\"wp-block-paragraph\">\u00c0 La Rochelle, une table et une bouteille se parlent. La cuv\u00e9e <strong>Deutz Meurtet<\/strong> 2019 s\u2019est impos\u00e9e comme un exemple d\u2019<strong>\u00e9l\u00e9gance<\/strong> <strong>champenoise<\/strong>, capable de soutenir un menu de coquillages sans jamais l\u2019\u00e9craser. Lors d\u2019une d\u00e9gustation autour du chef Christopher Coutanceau, Caroline Latrive, la chef de cave, et Alexis Goujard ont mis en lumi\u00e8re un <strong>assemblage<\/strong> et une maturit\u00e9 de fruit qui r\u00e9pondent parfaitement \u00e0 la saline et \u00e0 l\u2019iode de la mer. Le vin offre des notes d\u2019abricot et de p\u00eache jaune, une concentration calme et une finale o\u00f9 la craie et la salinit\u00e9 prolongent la bouche. L\u2019<strong>alliance<\/strong> qui en r\u00e9sulte est \u00e0 la fois subtile et pr\u00e9cise : le <strong>champagne<\/strong> r\u00e9v\u00e8le le coquillage et le coquillage sublime le vin.<\/p>\n\n<ul class=\"wp-block-list\"><li><strong>Deutz Meurtet<\/strong> 2019 : profil fruit\u00e9, structure et finale saline.<\/li><li>Accord r\u00e9ussi avec coquillages : hu\u00eetres, couteaux et pousse-pied.<\/li><li>Assemblage centr\u00e9 sur le <strong>Pinot Noir<\/strong> : maturit\u00e9 et concentration.<\/li><li>Service et temp\u00e9rature cruciaux pour pr\u00e9server la finesse.<\/li><li>Une approche accessible : technique simple, plaisir partag\u00e9.<\/li><\/ul>\n\n<div id=\"ez-toc-container\" class=\"ez-toc-v2_0_85 counter-hierarchy ez-toc-counter ez-toc-black ez-toc-container-direction\">\n<div class=\"ez-toc-title-container\">\n<p class=\"ez-toc-title\" style=\"cursor:inherit\">Sommaire<\/p>\n<span class=\"ez-toc-title-toggle\"><a href=\"#\" class=\"ez-toc-pull-right ez-toc-btn ez-toc-btn-xs ez-toc-btn-default ez-toc-toggle\" aria-label=\"Toggle Table of Content\"><span class=\"ez-toc-js-icon-con\"><span class=\"\"><span class=\"eztoc-hide\" style=\"display:none;\">Toggle<\/span><span class=\"ez-toc-icon-toggle-span\"><svg style=\"fill: #999;color:#999\" xmlns=\"http:\/\/www.w3.org\/2000\/svg\" class=\"list-377408\" width=\"20px\" height=\"20px\" viewBox=\"0 0 24 24\" fill=\"none\"><path d=\"M6 6H4v2h2V6zm14 0H8v2h12V6zM4 11h2v2H4v-2zm16 0H8v2h12v-2zM4 16h2v2H4v-2zm16 0H8v2h12v-2z\" fill=\"currentColor\"><\/path><\/svg><svg style=\"fill: #999;color:#999\" class=\"arrow-unsorted-368013\" xmlns=\"http:\/\/www.w3.org\/2000\/svg\" width=\"10px\" height=\"10px\" viewBox=\"0 0 24 24\" version=\"1.2\" baseProfile=\"tiny\"><path d=\"M18.2 9.3l-6.2-6.3-6.2 6.3c-.2.2-.3.4-.3.7s.1.5.3.7c.2.2.4.3.7.3h11c.3 0 .5-.1.7-.3.2-.2.3-.5.3-.7s-.1-.5-.3-.7zM5.8 14.7l6.2 6.3 6.2-6.3c.2-.2.3-.5.3-.7s-.1-.5-.3-.7c-.2-.2-.4-.3-.7-.3h-11c-.3 0-.5.1-.7.3-.2.2-.3.5-.3.7s.1.5.3.7z\"\/><\/svg><\/span><\/span><\/span><\/a><\/span><\/div>\n<nav><ul class='ez-toc-list ez-toc-list-level-1 ' ><li class='ez-toc-page-1 ez-toc-heading-level-2'><a class=\"ez-toc-link ez-toc-heading-1\" href=\"https:\/\/vins-pour-tous.com\/blog\/deutz-meurtet-2019\/#Deutz_Meurtet_2019_profil_aromatique_et_assemblage\" >Deutz Meurtet 2019 : profil aromatique et assemblage<\/a><\/li><li class='ez-toc-page-1 ez-toc-heading-level-2'><a class=\"ez-toc-link ez-toc-heading-2\" href=\"https:\/\/vins-pour-tous.com\/blog\/deutz-meurtet-2019\/#Accord_marine_La_Rochelle_et_les_coquillages\" >Accord marine : La Rochelle et les coquillages<\/a><\/li><li class='ez-toc-page-1 ez-toc-heading-level-2'><a class=\"ez-toc-link ez-toc-heading-3\" href=\"https:\/\/vins-pour-tous.com\/blog\/deutz-meurtet-2019\/#Degustation_detaillee_sensations_et_evolution\" >D\u00e9gustation d\u00e9taill\u00e9e : sensations et \u00e9volution<\/a><\/li><li class='ez-toc-page-1 ez-toc-heading-level-2'><a class=\"ez-toc-link ez-toc-heading-4\" href=\"https:\/\/vins-pour-tous.com\/blog\/deutz-meurtet-2019\/#Conseils_pratiques_pour_reussir_laccord_champagne-coquillages\" >Conseils pratiques pour r\u00e9ussir l\u2019accord champagne-coquillages<\/a><\/li><\/ul><\/nav><\/div>\n<h2 class=\"wp-block-heading\"><span class=\"ez-toc-section\" id=\"Deutz_Meurtet_2019_profil_aromatique_et_assemblage\"><\/span>Deutz Meurtet 2019 : profil aromatique et assemblage<span class=\"ez-toc-section-end\"><\/span><\/h2>\n\n<p class=\"wp-block-paragraph\">Le mill\u00e9sime 2019 de la cuv\u00e9e <strong>Deutz Meurtet<\/strong> se distingue par un fruit m\u00fbr mais frais, sans exub\u00e9rance. L\u2019<strong>assemblage<\/strong> met en avant le <strong>Pinot Noir<\/strong>, qui apporte chair, intensit\u00e9 et une texture presque tactile en bouche.<\/p>\n\n<p class=\"wp-block-paragraph\">La maison recherche une <strong>\u00e9l\u00e9gance<\/strong> retenue : pas d\u2019oxydation marqu\u00e9e, juste une pr\u00e9cision qui laisse respirer le vin. La min\u00e9ralit\u00e9 crayeuse se m\u00eale \u00e0 une <strong>finale saline<\/strong> qui allonge le verre et pr\u00e9pare id\u00e9alement \u00e0 un accord <strong>marine<\/strong>.<\/p>\n\n<h3 class=\"wp-block-heading\">Le r\u00f4le du Pinot Noir dans l\u2019\u00e9quilibre<\/h3>\n\n<p class=\"wp-block-paragraph\">Le caract\u00e8re du Pinot se traduit par des notes de fruits jaunes, une m\u00e2che soutenue et un centre de bouche dense. Cette concentration permet au <strong>champagne<\/strong> de garder du nerf face \u00e0 des pr\u00e9parations iod\u00e9es.<\/p>\n\n<p class=\"wp-block-paragraph\">La r\u00e9serve du vin indique un potentiel d\u2019\u00e9volution serein : la structure tiendra sur plusieurs ann\u00e9es sans perdre sa fra\u00eecheur.<\/p>\n\n<h3 class=\"wp-block-heading\">La craie et la finale saline du terroir<\/h3>\n\n<p class=\"wp-block-paragraph\">La craie joue ici un r\u00f4le de colonne vert\u00e9brale : elle apporte de la tension et une salinit\u00e9 s\u00e8che. Cette sensation saline est l\u2019\u00e9l\u00e9ment qui fait l\u2019<strong>alliance<\/strong> id\u00e9ale avec les produits de la mer.<\/p>\n\n<p class=\"wp-block-paragraph\">En d\u00e9gustation, la salinit\u00e9 prolonge les notes fruit\u00e9es et cr\u00e9e un sillage salin qui invite \u00e0 la bouch\u00e9e suivante. Voil\u00e0, tu sais tout maintenant !<\/p>\n\n<h2 class=\"wp-block-heading\"><span class=\"ez-toc-section\" id=\"Accord_marine_La_Rochelle_et_les_coquillages\"><\/span>Accord marine : La Rochelle et les coquillages<span class=\"ez-toc-section-end\"><\/span><\/h2>\n\n<p class=\"wp-block-paragraph\">La d\u00e9monstration \u00e0 La Rochelle montre comment un <strong>vin<\/strong> champenois peut dialoguer avec l\u2019iode sans opposition. Le plat assemble hu\u00eetres, couteaux, palourdes et pousse-pied, travaill\u00e9s pour pr\u00e9server la m\u00e2che et intensifier l\u2019iode.<\/p>\n\n<p class=\"wp-block-paragraph\">La vinaigrette m\u00eale jus d\u2019hu\u00eetre cru et algues groseilles, tandis qu\u2019une \u00e9cume de jus de coquillage et d\u2019eau de mer est ajout\u00e9e au dernier moment. Le dressage inclut une feuille d\u2019hu\u00eetre v\u00e9g\u00e9tale et un petit couteau en trompe-l\u2019\u0153il pour jouer sur la mise en sc\u00e8ne.<\/p>\n\n<h3 class=\"wp-block-heading\">Construction technique de l\u2019assiette<\/h3>\n\n<p class=\"wp-block-paragraph\">Le plat vise la compl\u00e9mentarit\u00e9 : une base acidul\u00e9e, des \u00e9chalotes confites pour la rondeur, puis une ecume saline qui amplifie l\u2019iode. Chaque composant est dos\u00e9 pour que le <strong>champagne<\/strong> n\u2019efface pas le produit mais le mette en lumi\u00e8re.<\/p>\n\n<p class=\"wp-block-paragraph\">Le r\u00e9sultat : une premi\u00e8re bouch\u00e9e douce et subtile, suivie d\u2019une mont\u00e9e en intensit\u00e9 qui r\u00e9v\u00e8le l\u2019amertume et la fum\u00e9e l\u00e9g\u00e8re du plat.<\/p>\n\n<h3 class=\"wp-block-heading\">Pourquoi cette alliance est unique<\/h3>\n\n<p class=\"wp-block-paragraph\">Parce qu\u2019elle respecte les deux protagonistes. Le <strong>Deutz Meurtet<\/strong> 2019 ne concurrence pas la mer ; il l\u2019accompagne et la prolonge. Le vin apporte une fine amertume qui r\u00e9pond \u00e0 celle du pousse-pied et un fruit juteux qui temp\u00e8re l\u2019iode.<\/p>\n\n<p class=\"wp-block-paragraph\">En pratique, l\u2019accord fonctionne lorsque le plat et le vin se portent mutuellement : l\u2019un met en valeur l\u2019autre, sans masques ni artifices.<\/p>\n\n<figure class=\"is-provider-youtube is-type-video wp-block-embed wp-block-embed-youtube wp-embed-aspect-16-9 wp-has-aspect-ratio\"><div class=\"wp-block-embed__wrapper\">\n<iframe loading=\"lazy\" title=\"UEN 2025 - ADN d&amp;apos;entreprises  : transition \u00e9cologique et \u00e9nerg\u00e9tique\" width=\"500\" height=\"281\" src=\"https:\/\/www.youtube.com\/embed\/VQ3yJYh3x-Q?feature=oembed\" frameborder=\"0\" allow=\"accelerometer; autoplay; clipboard-write; encrypted-media; gyroscope; picture-in-picture; web-share\" referrerpolicy=\"strict-origin-when-cross-origin\" allowfullscreen><\/iframe>\n<\/div><\/figure>\n\n<p class=\"wp-block-paragraph\">La vid\u00e9o ci-dessus illustre la rencontre entre la maison Deutz et la cuisine marine de La Rochelle, en montrant le dialogue entre plat et vin.<\/p>\n\n<h2 class=\"wp-block-heading\"><span class=\"ez-toc-section\" id=\"Degustation_detaillee_sensations_et_evolution\"><\/span>D\u00e9gustation d\u00e9taill\u00e9e : sensations et \u00e9volution<span class=\"ez-toc-section-end\"><\/span><\/h2>\n\n<p class=\"wp-block-paragraph\">\u00c0 la d\u00e9gustation, les premiers nez donnent des fruits frais et m\u00fbrs : abricot, p\u00eache jaune et une pointe florale. En bouche, la texture est pr\u00e9cise, le perlage fin et la tension min\u00e9rale tr\u00e8s pr\u00e9sente.<\/p>\n\n<p class=\"wp-block-paragraph\">La finale saline \u00e9tire le vin et laisse une empreinte l\u00e9g\u00e8rement am\u00e8re, ce qui cr\u00e9e une belle persistance aromatique. C\u2019est ce profil qui rend l\u2019<strong>alliance<\/strong> marine si convaincante.<\/p>\n\n<h3 class=\"wp-block-heading\">Notes et sensations cl\u00e9s<\/h3>\n\n<p class=\"wp-block-paragraph\">Voici les \u00e9l\u00e9ments sensoriels essentiels relev\u00e9s lors de la table de La Rochelle :<\/p>\n\n<ul class=\"wp-block-list\"><li><strong>Nez<\/strong> : abricot, p\u00eache jaune, fleurs blanches.<\/li><li><strong>Bouche<\/strong> : chair du Pinot, concentration, acidit\u00e9 ma\u00eetris\u00e9e.<\/li><li><strong>Finale<\/strong> : saline, crayeuse, amertume d\u00e9licate.<\/li><li><strong>Perception<\/strong> : finesse des bulles, longueur remarquable.<\/li><\/ul>\n\n<p class=\"wp-block-paragraph\">Ces impressions confirment que le <strong>Deutz Meurtet<\/strong> 2019 a le profil pour accompagner une large palette de produits marins. C\u2019est \u00e7a la beaut\u00e9 du vin.<\/p>\n\n<h3 class=\"wp-block-heading\">Potentiel de garde et recommandations<\/h3>\n\n<p class=\"wp-block-paragraph\">La r\u00e9serve et la structure indiquent un potentiel de garde de plusieurs ann\u00e9es. Sur 5 \u00e0 10 ans, le vin gagnera en complexit\u00e9 sans perdre sa vivacit\u00e9.<\/p>\n\n<p class=\"wp-block-paragraph\">Pour une exp\u00e9rience imm\u00e9diate, privil\u00e9gie une ouverture 30 \u00e0 45 minutes avant le service ; pour un accord plus \u00e9volu\u00e9, garde quelques ann\u00e9es en cave bien temp\u00e9r\u00e9e.<\/p>\n\n<h2 class=\"wp-block-heading\"><span class=\"ez-toc-section\" id=\"Conseils_pratiques_pour_reussir_laccord_champagne-coquillages\"><\/span>Conseils pratiques pour r\u00e9ussir l\u2019accord champagne-coquillages<span class=\"ez-toc-section-end\"><\/span><\/h2>\n\n<p class=\"wp-block-paragraph\">Rien de compliqu\u00e9 : il faut travailler la pr\u00e9cision du plat et la fra\u00eecheur du service. Le <strong>champagne<\/strong> ne supporte pas la lourdeur ; privil\u00e9gie des pr\u00e9parations nettes, iod\u00e9es et l\u00e9g\u00e8rement acidul\u00e9es.<\/p>\n\n<p class=\"wp-block-paragraph\">Le service et la temp\u00e9rature sont d\u00e9cisifs pour r\u00e9v\u00e9ler l\u2019<strong>\u00e9l\u00e9gance<\/strong> de la cuv\u00e9e et la rendre sensible face aux saveurs marines.<\/p>\n\n<h3 class=\"wp-block-heading\">Temp\u00e9rature, verres et service<\/h3>\n\n<p class=\"wp-block-paragraph\">Servir entre 8 et 10 \u00b0C dans un verre tulipe pour concentrer le nez tout en laissant le perlage s\u2019exprimer. D\u00e9cante l\u00e9g\u00e8re non recommand\u00e9e ; privil\u00e9gie plut\u00f4t une mise en carafe douce si le vin est plus \u00e2g\u00e9.<\/p>\n\n<p class=\"wp-block-paragraph\">R\u00e8gle pratique : une l\u00e9g\u00e8re ouverture 30 minutes avant service permet au fruit de s\u2019\u00e9panouir sans perdre la tension.<\/p>\n\n<h3 class=\"wp-block-heading\">Variantes d\u2019accords marins \u00e0 tester<\/h3>\n\n<p class=\"wp-block-paragraph\">Voici des suggestions concr\u00e8tes pour d\u00e9cliner l\u2019<strong>alliance<\/strong> marine :<\/p>\n\n<figure class=\"wp-block-table\"><table>\n<thead>\n<tr>\n<th>Plat<\/th>\n<th>Pourquoi \u00e7a marche<\/th>\n<th>Astuce de service<\/th>\n<\/tr>\n<\/thead>\n<tbody>\n<tr>\n<td>Hu\u00eetres fines<\/td>\n<td>Nettoient le palais, r\u00e9pondent \u00e0 la saline<\/td>\n<td>Servir tr\u00e8s frais, zeste de citron \u00e0 part<\/td>\n<\/tr>\n<tr>\n<td>Couteaux en vinaigrette d\u2019algues<\/td>\n<td>Texture et iode qui amplifient le Pinot<\/td>\n<td>Ajoute l\u2019\u00e9cume au dernier moment<\/td>\n<\/tr>\n<tr>\n<td>Coquilles Saint-Jacques juste snack\u00e9es<\/td>\n<td>Rondeur du fruit contre la touche fum\u00e9e<\/td>\n<td>Ros\u00e9 l\u00e9ger d\u2019assaisonnement, poivre blanc<\/td>\n<\/tr>\n<\/tbody>\n<\/table><\/figure>\n\n<p class=\"wp-block-paragraph\">Ces pistes montrent que le <strong>Deutz Meurtet<\/strong> 2019 est un compagnon polyvalent : il tient la route face \u00e0 des textures vari\u00e9es tout en magnifiant la mer.<\/p>\n\n<figure class=\"is-provider-youtube is-type-video wp-block-embed wp-block-embed-youtube wp-embed-aspect-16-9 wp-has-aspect-ratio\"><div class=\"wp-block-embed__wrapper\">\n<iframe loading=\"lazy\" title=\"M\u00e9canindus : Comment un G\u00e9ant de l\u2019Industrie Fran\u00e7aise a Disparu\" width=\"500\" height=\"281\" src=\"https:\/\/www.youtube.com\/embed\/m7-adc414e0?feature=oembed\" frameborder=\"0\" allow=\"accelerometer; autoplay; clipboard-write; encrypted-media; gyroscope; picture-in-picture; web-share\" referrerpolicy=\"strict-origin-when-cross-origin\" allowfullscreen><\/iframe>\n<\/div><\/figure>\n\n<p class=\"wp-block-paragraph\">Cette seconde vid\u00e9o propose des id\u00e9es pratiques pour adapter l\u2019assiette en fonction du mill\u00e9sime et de la teneur en sel du produit.<\/p>\n\n<p class=\"wp-block-paragraph\">Pour approfondir, consulte le <a href=\"\/guides\/degustation\">guide de d\u00e9gustation<\/a> et nos articles sur les <a href=\"\/accords-mets-vins\">accords mets-vins<\/a> pour affiner ta pratique.<\/p>\n\n<script type=\"application\/ld+json\">\n{\"@context\":\"https:\/\/schema.org\",\"@type\":\"FAQPage\",\"mainEntity\":[{\"@type\":\"Question\",\"name\":\"Quel est le profil aromatique dominant du Deutz Meurtet 2019u202f?\",\"acceptedAnswer\":{\"@type\":\"Answer\",\"text\":\"Le vin pru00e9sente des aru00f4mes de fruits jaunes (abricot, pu00eache), une belle concentration apportu00e9e par le Pinot Noir et une finale saline crayeuse qui u00e9tire la bouche.\"}},{\"@type\":\"Question\",\"name\":\"Pourquoi ce champagne fonctionne-t-il avec les coquillagesu202f?\",\"acceptedAnswer\":{\"@type\":\"Answer\",\"text\":\"La salinitu00e9 et la finesse du Deutz Meurtet 2019 ru00e9pondent u00e0 lu2019iode des coquillages sans les masquer. Lu2019amertume du00e9licate et la texture du vin cru00e9ent une complu00e9mentaritu00e9 harmonieuse.\"}},{\"@type\":\"Question\",\"name\":\"Quelle tempu00e9rature de service recommander pour cet accordu202f?\",\"acceptedAnswer\":{\"@type\":\"Answer\",\"text\":\"Servir entre 8 et 10 u00b0C, dans des verres tulipe. Ouvrir la bouteille 30 u00e0 45 minutes avant le service si tu veux que le fruit su2019assouplisse lu00e9gu00e8rement.\"}},{\"@type\":\"Question\",\"name\":\"Combien de temps peut-on garder ce millu00e9sime en caveu202f?\",\"acceptedAnswer\":{\"@type\":\"Answer\",\"text\":\"La structure et la ru00e9serve du millu00e9sime 2019 permettent une garde de plusieurs annu00e9es (5-10 ans), avec une u00e9volution vers plus de complexitu00e9 sans perte de frau00eecheur.\"}}]}\n<\/script>\n<h3>Quel est le profil aromatique dominant du Deutz Meurtet 2019\u202f?<\/h3>\n<p>Le vin pr\u00e9sente des ar\u00f4mes de fruits jaunes (abricot, p\u00eache), une belle concentration apport\u00e9e par le Pinot Noir et une finale saline crayeuse qui \u00e9tire la bouche.<\/p>\n<h3>Pourquoi ce champagne fonctionne-t-il avec les coquillages\u202f?<\/h3>\n<p>La salinit\u00e9 et la finesse du Deutz Meurtet 2019 r\u00e9pondent \u00e0 l\u2019iode des coquillages sans les masquer. L\u2019amertume d\u00e9licate et la texture du vin cr\u00e9ent une compl\u00e9mentarit\u00e9 harmonieuse.<\/p>\n<h3>Quelle temp\u00e9rature de service recommander pour cet accord\u202f?<\/h3>\n<p>Servir entre 8 et 10 \u00b0C, dans des verres tulipe. Ouvrir la bouteille 30 \u00e0 45 minutes avant le service si tu veux que le fruit s\u2019assouplisse l\u00e9g\u00e8rement.<\/p>\n<h3>Combien de temps peut-on garder ce mill\u00e9sime en cave\u202f?<\/h3>\n<p>La structure et la r\u00e9serve du mill\u00e9sime 2019 permettent une garde de plusieurs ann\u00e9es (5-10 ans), avec une \u00e9volution vers plus de complexit\u00e9 sans perte de fra\u00eecheur.<\/p>\n\n","protected":false},"excerpt":{"rendered":"<p>\u00c0 La Rochelle, une table et une bouteille se parlent. La cuv\u00e9e Deutz Meurtet 2019 s\u2019est impos\u00e9e comme un exemple d\u2019\u00e9l\u00e9gance champenoise, capable de soutenir un menu de coquillages sans jamais l\u2019\u00e9craser. Lors d\u2019une d\u00e9gustation autour du chef Christopher Coutanceau, Caroline Latrive, la chef de cave, et Alexis Goujard ont mis en lumi\u00e8re un assemblage [&hellip;]<\/p>\n","protected":false},"author":2,"featured_media":1581,"comment_status":"open","ping_status":"","sticky":false,"template":"","format":"standard","meta":{"footnotes":""},"categories":[7],"tags":[1206,1204,1205,1207,533],"class_list":["post-1582","post","type-post","status-publish","format-standard","has-post-thumbnail","hentry","category-accords-mets-vins","tag-champagne-deutz","tag-deutz-meurtet-2019","tag-elegance-champenoise","tag-millesime-2019","tag-vin-de-champagne"],"_links":{"self":[{"href":"https:\/\/vins-pour-tous.com\/blog\/wp-json\/wp\/v2\/posts\/1582","targetHints":{"allow":["GET"]}}],"collection":[{"href":"https:\/\/vins-pour-tous.com\/blog\/wp-json\/wp\/v2\/posts"}],"about":[{"href":"https:\/\/vins-pour-tous.com\/blog\/wp-json\/wp\/v2\/types\/post"}],"author":[{"embeddable":true,"href":"https:\/\/vins-pour-tous.com\/blog\/wp-json\/wp\/v2\/users\/2"}],"replies":[{"embeddable":true,"href":"https:\/\/vins-pour-tous.com\/blog\/wp-json\/wp\/v2\/comments?post=1582"}],"version-history":[{"count":0,"href":"https:\/\/vins-pour-tous.com\/blog\/wp-json\/wp\/v2\/posts\/1582\/revisions"}],"wp:featuredmedia":[{"embeddable":true,"href":"https:\/\/vins-pour-tous.com\/blog\/wp-json\/wp\/v2\/media\/1581"}],"wp:attachment":[{"href":"https:\/\/vins-pour-tous.com\/blog\/wp-json\/wp\/v2\/media?parent=1582"}],"wp:term":[{"taxonomy":"category","embeddable":true,"href":"https:\/\/vins-pour-tous.com\/blog\/wp-json\/wp\/v2\/categories?post=1582"},{"taxonomy":"post_tag","embeddable":true,"href":"https:\/\/vins-pour-tous.com\/blog\/wp-json\/wp\/v2\/tags?post=1582"}],"curies":[{"name":"wp","href":"https:\/\/api.w.org\/{rel}","templated":true}]}}