{"id":1486,"date":"2026-08-12T23:18:17","date_gmt":"2026-08-12T21:18:17","guid":{"rendered":"https:\/\/vins-pour-tous.com\/blog\/vendanges-2026-bordeaux\/"},"modified":"2026-08-12T23:18:17","modified_gmt":"2026-08-12T21:18:17","slug":"vendanges-2026-bordeaux","status":"publish","type":"post","link":"https:\/\/vins-pour-tous.com\/blog\/vendanges-2026-bordeaux\/","title":{"rendered":"Vendanges 2026 \u00e0 Bordeaux : d\u00e9buts in\u00e9dits et pr\u00e9cocit\u00e9 exceptionnelle pour les premi\u00e8res coupures de s\u00e9cateur"},"content":{"rendered":"<p class=\"wp-block-paragraph\">Le 6 ao\u00fbt 2026, les vignobles bordelais ont entendu des <strong>coupures de s\u00e9cateur<\/strong> qui resteront dans les m\u00e9moires : des premi\u00e8res <strong>Vendanges<\/strong> lanc\u00e9es exceptionnellement t\u00f4t, destin\u00e9es aux vins effervescents. Ce d\u00e9marrage, qualifi\u00e9 d\u2019<strong>in\u00e9dit<\/strong> par les professionnels, illustre une <strong>pr\u00e9cocit\u00e9<\/strong> jamais vue dans la r\u00e9gion. Apr\u00e8s un hiver doux et humide suivi de vagues de chaleur printani\u00e8res et estivales, la vigne a acc\u00e9l\u00e9r\u00e9 son cycle, poussant \u00e0 la r\u00e9colte des raisins un mois plus t\u00f4t que d\u2019ordinaire sur certains terroirs.<\/p>\n\n<p class=\"wp-block-paragraph\">Voici l\u2019essentiel \u00e0 retenir, r\u00e9sum\u00e9 comme dans une br\u00e8ve de presse pour aller droit au but.<\/p>\n\n<ul class=\"wp-block-list\"><li><strong>Dates marquantes :<\/strong> premiers coups de s\u00e9cateur le 6 ao\u00fbt 2026, un mois plus t\u00f4t que la norme locale.<\/li><li><strong>Zones concern\u00e9es :<\/strong> cr\u00e9mant et parcelles pr\u00e9coces du Bordelais, 4% de la production sur 86 000 ha.<\/li><li><strong>Acteurs :<\/strong> la coop\u00e9rative Bordeaux Families mobilise 400 vendangeurs pour 3 millions de bouteilles.<\/li><li><strong>Climat :<\/strong> hiver doux + canicules = cycles v\u00e9g\u00e9tatifs acc\u00e9l\u00e9r\u00e9s et maturit\u00e9s pr\u00e9coces.<\/li><li><strong>Impact :<\/strong> quantit\u00e9s r\u00e9duites mais qualit\u00e9 sanitaire souvent excellente.<\/li><\/ul>\n\n<div id=\"ez-toc-container\" class=\"ez-toc-v2_0_85 counter-hierarchy ez-toc-counter ez-toc-black ez-toc-container-direction\">\n<div class=\"ez-toc-title-container\">\n<p class=\"ez-toc-title\" style=\"cursor:inherit\">Sommaire<\/p>\n<span class=\"ez-toc-title-toggle\"><a href=\"#\" class=\"ez-toc-pull-right ez-toc-btn ez-toc-btn-xs ez-toc-btn-default ez-toc-toggle\" aria-label=\"Toggle Table of Content\"><span class=\"ez-toc-js-icon-con\"><span class=\"\"><span class=\"eztoc-hide\" style=\"display:none;\">Toggle<\/span><span class=\"ez-toc-icon-toggle-span\"><svg style=\"fill: #999;color:#999\" xmlns=\"http:\/\/www.w3.org\/2000\/svg\" class=\"list-377408\" width=\"20px\" height=\"20px\" viewBox=\"0 0 24 24\" fill=\"none\"><path d=\"M6 6H4v2h2V6zm14 0H8v2h12V6zM4 11h2v2H4v-2zm16 0H8v2h12v-2zM4 16h2v2H4v-2zm16 0H8v2h12v-2z\" fill=\"currentColor\"><\/path><\/svg><svg style=\"fill: #999;color:#999\" class=\"arrow-unsorted-368013\" xmlns=\"http:\/\/www.w3.org\/2000\/svg\" width=\"10px\" height=\"10px\" viewBox=\"0 0 24 24\" version=\"1.2\" baseProfile=\"tiny\"><path d=\"M18.2 9.3l-6.2-6.3-6.2 6.3c-.2.2-.3.4-.3.7s.1.5.3.7c.2.2.4.3.7.3h11c.3 0 .5-.1.7-.3.2-.2.3-.5.3-.7s-.1-.5-.3-.7zM5.8 14.7l6.2 6.3 6.2-6.3c.2-.2.3-.5.3-.7s-.1-.5-.3-.7c-.2-.2-.4-.3-.7-.3h-11c-.3 0-.5.1-.7.3-.2.2-.3.5-.3.7s.1.5.3.7z\"\/><\/svg><\/span><\/span><\/span><\/a><\/span><\/div>\n<nav><ul class='ez-toc-list ez-toc-list-level-1 ' ><li class='ez-toc-page-1 ez-toc-heading-level-2'><a class=\"ez-toc-link ez-toc-heading-1\" href=\"https:\/\/vins-pour-tous.com\/blog\/vendanges-2026-bordeaux\/#Vendanges_2026_a_Bordeaux_debut_inedit_et_precocite_exceptionnelle\" >Vendanges 2026 \u00e0 Bordeaux : d\u00e9but in\u00e9dit et pr\u00e9cocit\u00e9 exceptionnelle<\/a><\/li><li class='ez-toc-page-1 ez-toc-heading-level-2'><a class=\"ez-toc-link ez-toc-heading-2\" href=\"https:\/\/vins-pour-tous.com\/blog\/vendanges-2026-bordeaux\/#Climat_chronologie_et_causes_de_la_precocite_des_vendanges\" >Climat, chronologie et causes de la pr\u00e9cocit\u00e9 des vendanges<\/a><\/li><li class='ez-toc-page-1 ez-toc-heading-level-2'><a class=\"ez-toc-link ez-toc-heading-3\" href=\"https:\/\/vins-pour-tous.com\/blog\/vendanges-2026-bordeaux\/#Consequences_pour_la_recolte_volumes_qualite_et_enjeux\" >Cons\u00e9quences pour la r\u00e9colte : volumes, qualit\u00e9 et enjeux<\/a><\/li><li class='ez-toc-page-1 ez-toc-heading-level-2'><a class=\"ez-toc-link ez-toc-heading-4\" href=\"https:\/\/vins-pour-tous.com\/blog\/vendanges-2026-bordeaux\/#Organisation_des_vendanges_precoces_methodes_acteurs_temoignages\" >Organisation des vendanges pr\u00e9coces : m\u00e9thodes, acteurs, t\u00e9moignages<\/a><\/li><li class='ez-toc-page-1 ez-toc-heading-level-2'><a class=\"ez-toc-link ez-toc-heading-5\" href=\"https:\/\/vins-pour-tous.com\/blog\/vendanges-2026-bordeaux\/#Fil_conducteur_Luc_vendangeur_du_Medoc_et_le_cas_dun_domaine\" >Fil conducteur : Luc, vendangeur du M\u00e9doc, et le cas d&rsquo;un domaine<\/a><\/li><li class='ez-toc-page-1 ez-toc-heading-level-2'><a class=\"ez-toc-link ez-toc-heading-6\" href=\"https:\/\/vins-pour-tous.com\/blog\/vendanges-2026-bordeaux\/#A_retenir_points_cles_pour_comprendre_ces_vendanges_inedites\" >\u00c0 retenir : points cl\u00e9s pour comprendre ces vendanges in\u00e9dites<\/a><\/li><\/ul><\/nav><\/div>\n<h2 class=\"wp-block-heading\"><span class=\"ez-toc-section\" id=\"Vendanges_2026_a_Bordeaux_debut_inedit_et_precocite_exceptionnelle\"><\/span>Vendanges 2026 \u00e0 Bordeaux : d\u00e9but in\u00e9dit et pr\u00e9cocit\u00e9 exceptionnelle<span class=\"ez-toc-section-end\"><\/span><\/h2>\n\n<p class=\"wp-block-paragraph\">La sc\u00e8ne : des \u00e9quipes dans les rangs, ciseaux en main, r\u00e9coltant des grappes destin\u00e9es aux cr\u00e9mants. Ce d\u00e9marrage <strong>d\u00e9but in\u00e9dit<\/strong> n\u2019est pas un test m\u00e9diatique ; il marque le vrai lancement de la <strong>r\u00e9colte<\/strong> 2026. Les producteurs bordelais ont entam\u00e9 la cueillette pour les vins effervescents, traditionnel levier d\u2019ouverture des vendanges dans la r\u00e9gion.<\/p>\n\n<h3 class=\"wp-block-heading\">Les premi\u00e8res coupures de s\u00e9cateur : que s&rsquo;est-il pass\u00e9 ?<\/h3>\n\n<p class=\"wp-block-paragraph\">Le signal concret : les premi\u00e8res <strong>coupures de s\u00e9cateur<\/strong> retentissent sur des parcelles choisies pour les cr\u00e9mants. La coop\u00e9rative Bordeaux Families, premier producteur local de cr\u00e9mant avec trois millions de bouteilles, a confirm\u00e9 le d\u00e9marrage et pr\u00e9cis\u00e9 que 400 vendangeurs seront mobilis\u00e9s pendant trois semaines.<\/p>\n\n<p class=\"wp-block-paragraph\">Ces vendanges manuelles, souvent destin\u00e9es aux vins effervescents, permettent de trier les raisins \u00e0 la parcelle et d&rsquo;assurer une qualit\u00e9 optimale d\u00e8s l&rsquo;arriv\u00e9e \u00e0 la cave.<\/p>\n\n<h3 class=\"wp-block-heading\">Pourquoi cette pr\u00e9cocit\u00e9 est qualifi\u00e9e d&rsquo;exceptionnelle ?<\/h3>\n\n<p class=\"wp-block-paragraph\">Selon les responsables de fili\u00e8re, la <strong>pr\u00e9cocit\u00e9<\/strong> d\u00e9passe les rep\u00e8res des derni\u00e8res d\u00e9cennies. On parle d\u2019un d\u00e9calage de pr\u00e8s de quinze jours par rapport \u00e0 l\u2019an pass\u00e9, lui-m\u00eame consid\u00e9r\u00e9 comme pr\u00e9coce. C\u2019est le cumul d\u2019un hiver cl\u00e9ment, de printemps chauds et de canicules qui a pouss\u00e9 la plante \u00e0 acc\u00e9l\u00e9rer maturations et v\u00e9raison.<\/p>\n\n<p class=\"wp-block-paragraph\">Voil\u00e0, tu sais tout maintenant : les vendanges sont avanc\u00e9es et la viticulture bordelaise s\u2019adapte en temps r\u00e9el.<\/p>\n\n<figure class=\"is-provider-youtube is-type-video wp-block-embed wp-block-embed-youtube wp-embed-aspect-16-9 wp-has-aspect-ratio\"><div class=\"wp-block-embed__wrapper\">\n<iframe loading=\"lazy\" title=\"Bordeaux: vendanges des rouges\" width=\"500\" height=\"281\" src=\"https:\/\/www.youtube.com\/embed\/vXu7hH0lIjI?feature=oembed\" frameborder=\"0\" allow=\"accelerometer; autoplay; clipboard-write; encrypted-media; gyroscope; picture-in-picture; web-share\" referrerpolicy=\"strict-origin-when-cross-origin\" allowfullscreen><\/iframe>\n<\/div><\/figure>\n\n<h2 class=\"wp-block-heading\"><span class=\"ez-toc-section\" id=\"Climat_chronologie_et_causes_de_la_precocite_des_vendanges\"><\/span>Climat, chronologie et causes de la pr\u00e9cocit\u00e9 des vendanges<span class=\"ez-toc-section-end\"><\/span><\/h2>\n\n<p class=\"wp-block-paragraph\">La m\u00e9t\u00e9orologie 2026 a imprim\u00e9 son empreinte sur la vigne. L\u2019hiver doux et humide, suivi de vagues de chaleur, a r\u00e9duit la p\u00e9riode de croissance normale et avanc\u00e9 les ph\u00e9nophases de la vigne. Depuis les ann\u00e9es 1980, ce ph\u00e9nom\u00e8ne d\u2019avanc\u00e9e des dates de vendanges est un signal fort du changement climatique observable dans toutes les r\u00e9gions fran\u00e7aises.<\/p>\n\n<h3 class=\"wp-block-heading\">Cycles v\u00e9g\u00e9tatifs acc\u00e9l\u00e9r\u00e9s : causes et effets<\/h3>\n\n<p class=\"wp-block-paragraph\">Le rythme de la vigne a \u00e9t\u00e9 comprim\u00e9 : d\u00e9bourrement, floraison, v\u00e9raison et maturit\u00e9 se sont succ\u00e9d\u00e9 plus vite que d\u2019habitude. La cons\u00e9quence directe est une r\u00e9colte d\u00e9marr\u00e9e t\u00f4t, parfois un mois avant les dates historiques pour certaines parcelles. Pour le producteur, cela demande adaptation des plannings, des \u00e9quipes et des installations de chai.<\/p>\n\n<p class=\"wp-block-paragraph\">En clair : la nature impose son calendrier, et la viticulture doit suivre sans perdre la qualit\u00e9 recherch\u00e9e.<\/p>\n\n<h3 class=\"wp-block-heading\">Comparaisons historiques : des vendanges qui avancent depuis 40 ans<\/h3>\n\n<p class=\"wp-block-paragraph\">Les viticulteurs bordelais observent une tendance continue : des parcelles vendang\u00e9es fin septembre dans les ann\u00e9es 1990 sont d\u00e9sormais cueillies fin ao\u00fbt. Ce glissement est un marqueur palpable du r\u00e9chauffement, \u00e9tudi\u00e9 par les services agronomiques et les interprofessions.<\/p>\n\n<p class=\"wp-block-paragraph\">Un fil rouge se dessine : plus les ann\u00e9es chaudes se multiplient, plus les strat\u00e9gies culturales \u00e9voluent.<\/p>\n\n<h2 class=\"wp-block-heading\"><span class=\"ez-toc-section\" id=\"Consequences_pour_la_recolte_volumes_qualite_et_enjeux\"><\/span>Cons\u00e9quences pour la r\u00e9colte : volumes, qualit\u00e9 et enjeux<span class=\"ez-toc-section-end\"><\/span><\/h2>\n\n<p class=\"wp-block-paragraph\">La pr\u00e9cocit\u00e9 modifie le profil de la <strong>r\u00e9colte<\/strong> : des grappes souvent plus petites, moins gonfl\u00e9es par la pluie, mais un excellent \u00e9tat sanitaire quand les \u00e9pisodes de canicule n\u2019ont pas provoqu\u00e9 de dess\u00e8chement s\u00e9v\u00e8re.<\/p>\n\n<figure class=\"wp-block-table\"><table>\n<thead>\n<tr>\n<th>\u00c9l\u00e9ment<\/th>\n<th>Impact attendu 2026<\/th>\n<th>Cons\u00e9quence pour le vin<\/th>\n<\/tr>\n<\/thead>\n<tbody>\n<tr>\n<td>Volumes<\/td>\n<td>R\u00e9duction probable<\/td>\n<td>Moins de quantit\u00e9 \u00e0 r\u00e9partir, prix potentiellement soutenus<\/td>\n<\/tr>\n<tr>\n<td>Qualit\u00e9 sanitaire<\/td>\n<td>Tr\u00e8s bonne<\/td>\n<td>Profil aromatique net, potentiel qualitatif \u00e9lev\u00e9<\/td>\n<\/tr>\n<tr>\n<td>Risque fum\u00e9e<\/td>\n<td>Faible pour la majeure partie du vignoble<\/td>\n<td>Peu d&rsquo;impact sensoriel attendu<\/td>\n<\/tr>\n<\/tbody>\n<\/table><\/figure>\n\n<h3 class=\"wp-block-heading\">Quantit\u00e9s attendues et qualit\u00e9 : prudence et opportunisme<\/h3>\n\n<p class=\"wp-block-paragraph\">Le pr\u00e9sident de l\u2019interprofession bordelaise \u00e9voque des <strong>petites quantit\u00e9s<\/strong>, faute de pluie pour gonfler les baies. Mais la donn\u00e9e cl\u00e9 reste l\u2019\u00e9tat sanitaire : propre, sans pression de maladies, ce qui promet des jus purs et une base solide pour l\u2019\u00e9levage.<\/p>\n\n<p class=\"wp-block-paragraph\">Pour le consommateur, cela veut dire des vins souvent plus concentr\u00e9s, aux profils nets. Fais confiance aux d\u00e9gustations futures pour confirmer ces tendances.<\/p>\n\n<h3 class=\"wp-block-heading\">Risques et opportunit\u00e9s pour les producteurs<\/h3>\n\n<p class=\"wp-block-paragraph\">Risques : organisation des chantiers, gestion de la main-d\u2019\u0153uvre, logistique de chai et sensibilit\u00e9 accrue aux \u00e9pisodes extr\u00eames.<\/p>\n\n<p class=\"wp-block-paragraph\">Opportunit\u00e9s : meilleure qualit\u00e9 sanitaire et possibilit\u00e9 de produire des cuv\u00e9es intenses et bien d\u00e9finies. Les cr\u00e9mants, par exemple, peuvent b\u00e9n\u00e9ficier d\u2019une acidit\u00e9 \u00e9quilibr\u00e9e si la cueillette est bien calibr\u00e9e.<\/p>\n\n<h2 class=\"wp-block-heading\"><span class=\"ez-toc-section\" id=\"Organisation_des_vendanges_precoces_methodes_acteurs_temoignages\"><\/span>Organisation des vendanges pr\u00e9coces : m\u00e9thodes, acteurs, t\u00e9moignages<span class=\"ez-toc-section-end\"><\/span><\/h2>\n\n<p class=\"wp-block-paragraph\">Les vendanges pr\u00e9coces exigent une organisation pointue. Entre les coop\u00e9ratives, les domaines familiaux et les \u00e9quipes saisonni\u00e8res, la coordination devient centrale pour maintenir la qualit\u00e9.<\/p>\n\n<h3 class=\"wp-block-heading\">La logistique en pratique : l&rsquo;exemple de Bordeaux Families<\/h3>\n\n<p class=\"wp-block-paragraph\">La coop\u00e9rative Bordeaux Families illustre l\u2019adaptation : mobilisation de 400 vendangeurs sur trois semaines pour s\u00e9curiser la r\u00e9colte des 3 millions de bouteilles de cr\u00e9mant. Planification des \u00e9quipes, tri \u00e0 la parcelle, transport rapide vers les presses : tout est con\u00e7u pour pr\u00e9server la fra\u00eecheur du raisin.<\/p>\n\n<p class=\"wp-block-paragraph\">C\u2019est un exemple concret de comment une structure peut transformer la pr\u00e9cocit\u00e9 en atout industriel.<\/p>\n\n<h3 class=\"wp-block-heading\">\u00c9tapes concr\u00e8tes d&rsquo;une vendange manuelle pr\u00e9coce<\/h3>\n\n<ul class=\"wp-block-list\"><li>\u2713 Organisation des \u00e9quipes selon maturit\u00e9 des parcelles;<\/li><li>\u2713 R\u00e9colte matinale pour pr\u00e9server acidit\u00e9 et fra\u00eecheur;<\/li><li>\u2713 Tri imm\u00e9diat sur la parcelle et pressurage rapide;<\/li><li>\u2713 Stockage en cuves fra\u00eeches pour stabiliser les jus.<\/li><\/ul>\n\n<p class=\"wp-block-paragraph\">Pour un guide plus technique sur le d\u00e9roul\u00e9, consulter <a href=\"https:\/\/vins-pour-tous.com\/blog\/vendanges-etapes-recolte\/\">les \u00e9tapes essentielles des vendanges<\/a>.<\/p>\n\n<figure class=\"is-provider-youtube is-type-video wp-block-embed wp-block-embed-youtube wp-embed-aspect-16-9 wp-has-aspect-ratio\"><div class=\"wp-block-embed__wrapper\">\n<iframe loading=\"lazy\" title=\"En 2026, les vendanges ont commenc\u00e9 beaucoup plus t\u00f4t qu&amp;apos;en temps normal !\" width=\"500\" height=\"281\" src=\"https:\/\/www.youtube.com\/embed\/AD9cz6sPXWw?feature=oembed\" frameborder=\"0\" allow=\"accelerometer; autoplay; clipboard-write; encrypted-media; gyroscope; picture-in-picture; web-share\" referrerpolicy=\"strict-origin-when-cross-origin\" allowfullscreen><\/iframe>\n<\/div><\/figure>\n\n<h2 class=\"wp-block-heading\"><span class=\"ez-toc-section\" id=\"Fil_conducteur_Luc_vendangeur_du_Medoc_et_le_cas_dun_domaine\"><\/span>Fil conducteur : Luc, vendangeur du M\u00e9doc, et le cas d&rsquo;un domaine<span class=\"ez-toc-section-end\"><\/span><\/h2>\n\n<p class=\"wp-block-paragraph\">Pour suivre le fil, prenons le cas de Luc, responsable des chantiers d&rsquo;un petit domaine du M\u00e9doc. Luc a d\u00fb avancer ses \u00e9quipes, revoir la rotation des s\u00e9cateurs et planifier des cueillettes par parcelle en fonction des degr\u00e9s potentiels. Il t\u00e9moigne d\u2019une ambiance particuli\u00e8re : urgence organis\u00e9e et satisfaction \u00e0 voir des raisins sains au panier.<\/p>\n\n<p class=\"wp-block-paragraph\">Ce r\u00e9cit illustre l\u2019adaptation du terrain : des d\u00e9cisions techniques, mais aussi humaines, prises dans la dur\u00e9e.<\/p>\n\n<h3 class=\"wp-block-heading\">Le mill\u00e9sime 2026 : premi\u00e8res impressions<\/h3>\n\n<p class=\"wp-block-paragraph\">Les premiers retours indiquent un mill\u00e9sime marqu\u00e9 par un bel \u00e9quilibre aromatique, malgr\u00e9 des volumes en retrait. Les vignerons esp\u00e8rent des vins nets, avec une belle mati\u00e8re pour les rouges et une vivacit\u00e9 appr\u00e9ciable pour les blancs effervescents.<\/p>\n\n<p class=\"wp-block-paragraph\">Tu vas voir, c\u2019est sympa de suivre l\u2019\u00e9volution : les premi\u00e8res d\u00e9gustations confirmeront ou nuanceront ces premi\u00e8res impressions.<\/p>\n\n<h3 class=\"wp-block-heading\">Ressources compl\u00e9mentaires et perspectives<\/h3>\n\n<p class=\"wp-block-paragraph\">Pour approfondir l\u2019impact climatique et les r\u00e9ponses technico-\u0153nologiques, la lecture de ressources sp\u00e9cialis\u00e9es est utile. Parmi elles, un dossier sur les <a href=\"https:\/\/vins-pour-tous.com\/blog\/vendanges-precoce-defis-climat\/\">d\u00e9fis des vendanges pr\u00e9coces<\/a> et des guides sur la vinification des c\u00e9pages locaux apporteront des pistes concr\u00e8tes.<\/p>\n\n<p class=\"wp-block-paragraph\">Voil\u00e0, tu sais tout maintenant : l\u2019ann\u00e9e 2026 impose une r\u00e9activit\u00e9 collective, entre prudence et cr\u00e9ativit\u00e9.<\/p>\n\n<h2 class=\"wp-block-heading\"><span class=\"ez-toc-section\" id=\"A_retenir_points_cles_pour_comprendre_ces_vendanges_inedites\"><\/span>\u00c0 retenir : points cl\u00e9s pour comprendre ces vendanges in\u00e9dites<span class=\"ez-toc-section-end\"><\/span><\/h2>\n\n<ul class=\"wp-block-list\"><li><strong>Pr\u00e9cocit\u00e9 in\u00e9dite :<\/strong> premiers coups de s\u00e9cateur le 6 ao\u00fbt, un signal fort pour la viticulture bordelaise.<\/li><li><strong>Qualit\u00e9 sanitaire :<\/strong> excellente pour la plupart des parcelles, condition sine qua non pour un mill\u00e9sime r\u00e9ussi.<\/li><li><strong>Volumes :<\/strong> attentisme sur les quantit\u00e9s, mais opportunit\u00e9s qualitatives pour les vins effervescents et certaines cuv\u00e9es.<\/li><\/ul>\n\n<p class=\"wp-block-paragraph\">Pour en savoir plus sur les techniques des cr\u00e9mants et leur production en France, un article de fond sur les <a href=\"https:\/\/vins-pour-tous.com\/blog\/secrets-cremant-loire\/\">secrets du cr\u00e9mant<\/a> fournit des comparaisons utiles.<\/p>\n\n<script type=\"application\/ld+json\">\n{\"@context\":\"https:\/\/schema.org\",\"@type\":\"FAQPage\",\"mainEntity\":[{\"@type\":\"Question\",\"name\":\"Pourquoi les vendanges ont-elles commencu00e9 si tu00f4t en 2026 u00e0 Bordeaux ?\",\"acceptedAnswer\":{\"@type\":\"Answer\",\"text\":\"Un hiver doux suivi de pu00e9riodes de fortes chaleurs a accu00e9lu00e9ru00e9 le cycle de la vigne, avanu00e7ant vu00e9raison et maturitu00e9. Ces conditions ont poussu00e9 les producteurs u00e0 du00e9marrer la ru00e9colte plus tu00f4t pour pru00e9server lu2019u00e9quilibre sucre\/aciditu00e9.\"}},{\"@type\":\"Question\",\"name\":\"Les vendanges pru00e9coces signifient-elles un mauvais millu00e9sime ?\",\"acceptedAnswer\":{\"@type\":\"Answer\",\"text\":\"Pas nu00e9cessairement. En 2026, lu2019u00e9tat sanitaire est jugu00e9 tru00e8s bon : la qualitu00e9 des raisins peut u00eatre u00e9levu00e9e malgru00e9 des volumes ru00e9duits. La pru00e9cocitu00e9 impose surtout une adaptation logistique et technique.\"}},{\"@type\":\"Question\",\"name\":\"Le gou00fbt de fumu00e9e est-il un risque apru00e8s les feux ru00e9cents en Gironde ?\",\"acceptedAnswer\":{\"@type\":\"Answer\",\"text\":\"Les autoritu00e9s et professionnels signalent quu2019u00e0 ce stade il nu2019y a pas du2019impact gu00e9nu00e9ralisu00e9 sur le gou00fbt de fumu00e9e dans les grands terroirs bordelais. Des contru00f4les et mesures sensoriels seront effectuu00e9s si besoin.\"}},{\"@type\":\"Question\",\"name\":\"Comment les coopu00e9ratives gu00e8rent-elles ces vendanges pru00e9coces ?\",\"acceptedAnswer\":{\"@type\":\"Answer\",\"text\":\"Elles mobilisent main-du2019u0153uvre, matu00e9riel et chau00eenes logistiques adaptu00e9es : tri u00e0 la parcelle, pressurage rapide et gestion des flux en cave pour pru00e9server la frau00eecheur des jus.\"}}]}\n<\/script>\n<h3>Pourquoi les vendanges ont-elles commenc\u00e9 si t\u00f4t en 2026 \u00e0 Bordeaux ?<\/h3>\n<p>Un hiver doux suivi de p\u00e9riodes de fortes chaleurs a acc\u00e9l\u00e9r\u00e9 le cycle de la vigne, avan\u00e7ant v\u00e9raison et maturit\u00e9. Ces conditions ont pouss\u00e9 les producteurs \u00e0 d\u00e9marrer la r\u00e9colte plus t\u00f4t pour pr\u00e9server l\u2019\u00e9quilibre sucre\/acidit\u00e9.<\/p>\n<h3>Les vendanges pr\u00e9coces signifient-elles un mauvais mill\u00e9sime ?<\/h3>\n<p>Pas n\u00e9cessairement. En 2026, l\u2019\u00e9tat sanitaire est jug\u00e9 tr\u00e8s bon : la qualit\u00e9 des raisins peut \u00eatre \u00e9lev\u00e9e malgr\u00e9 des volumes r\u00e9duits. La pr\u00e9cocit\u00e9 impose surtout une adaptation logistique et technique.<\/p>\n<h3>Le go\u00fbt de fum\u00e9e est-il un risque apr\u00e8s les feux r\u00e9cents en Gironde ?<\/h3>\n<p>Les autorit\u00e9s et professionnels signalent qu\u2019\u00e0 ce stade il n\u2019y a pas d\u2019impact g\u00e9n\u00e9ralis\u00e9 sur le go\u00fbt de fum\u00e9e dans les grands terroirs bordelais. Des contr\u00f4les et mesures sensoriels seront effectu\u00e9s si besoin.<\/p>\n<h3>Comment les coop\u00e9ratives g\u00e8rent-elles ces vendanges pr\u00e9coces ?<\/h3>\n<p>Elles mobilisent main-d\u2019\u0153uvre, mat\u00e9riel et cha\u00eenes logistiques adapt\u00e9es : tri \u00e0 la parcelle, pressurage rapide et gestion des flux en cave pour pr\u00e9server la fra\u00eecheur des jus.<\/p>\n\n","protected":false},"excerpt":{"rendered":"<p>Le 6 ao\u00fbt 2026, les vignobles bordelais ont entendu des coupures de s\u00e9cateur qui resteront dans les m\u00e9moires : des premi\u00e8res Vendanges lanc\u00e9es exceptionnellement t\u00f4t, destin\u00e9es aux vins effervescents. Ce d\u00e9marrage, qualifi\u00e9 d\u2019in\u00e9dit par les professionnels, illustre une pr\u00e9cocit\u00e9 jamais vue dans la r\u00e9gion. Apr\u00e8s un hiver doux et humide suivi de vagues de chaleur [&hellip;]<\/p>\n","protected":false},"author":2,"featured_media":1485,"comment_status":"open","ping_status":"","sticky":false,"template":"","format":"standard","meta":{"footnotes":""},"categories":[12],"tags":[198,1094,1093,1080,965],"class_list":["post-1486","post","type-post","status-publish","format-standard","has-post-thumbnail","hentry","category-regions-appellations","tag-bordeaux","tag-coupures-de-secateur","tag-debuts-inedits-vendanges","tag-vendanges-2026","tag-vendanges-precoces"],"_links":{"self":[{"href":"https:\/\/vins-pour-tous.com\/blog\/wp-json\/wp\/v2\/posts\/1486","targetHints":{"allow":["GET"]}}],"collection":[{"href":"https:\/\/vins-pour-tous.com\/blog\/wp-json\/wp\/v2\/posts"}],"about":[{"href":"https:\/\/vins-pour-tous.com\/blog\/wp-json\/wp\/v2\/types\/post"}],"author":[{"embeddable":true,"href":"https:\/\/vins-pour-tous.com\/blog\/wp-json\/wp\/v2\/users\/2"}],"replies":[{"embeddable":true,"href":"https:\/\/vins-pour-tous.com\/blog\/wp-json\/wp\/v2\/comments?post=1486"}],"version-history":[{"count":0,"href":"https:\/\/vins-pour-tous.com\/blog\/wp-json\/wp\/v2\/posts\/1486\/revisions"}],"wp:featuredmedia":[{"embeddable":true,"href":"https:\/\/vins-pour-tous.com\/blog\/wp-json\/wp\/v2\/media\/1485"}],"wp:attachment":[{"href":"https:\/\/vins-pour-tous.com\/blog\/wp-json\/wp\/v2\/media?parent=1486"}],"wp:term":[{"taxonomy":"category","embeddable":true,"href":"https:\/\/vins-pour-tous.com\/blog\/wp-json\/wp\/v2\/categories?post=1486"},{"taxonomy":"post_tag","embeddable":true,"href":"https:\/\/vins-pour-tous.com\/blog\/wp-json\/wp\/v2\/tags?post=1486"}],"curies":[{"name":"wp","href":"https:\/\/api.w.org\/{rel}","templated":true}]}}